{"id":2291,"date":"2025-09-26T12:22:10","date_gmt":"2025-09-26T12:22:10","guid":{"rendered":"https:\/\/padfaci.org\/?p=2291"},"modified":"2025-10-24T12:26:38","modified_gmt":"2025-10-24T12:26:38","slug":"valorisation-des-dechets-de-mangue-une-innovation-au-service-de-lelevage-et-de-lenvironnement","status":"publish","type":"post","link":"https:\/\/padfaci.org\/en\/valorisation-des-dechets-de-mangue-une-innovation-au-service-de-lelevage-et-de-lenvironnement\/","title":{"rendered":"VALORISATION DES D\u00c9CHETS DE MANGUE : UNE INNOVATION AU SERVICE DE L\u2019\u00c9LEVAGE ET DE L\u2019ENVIRONNEMENT"},"content":{"rendered":"<p>Korhogo, le 26 septembre 2025<\/p>\n\n\n\n<p>Transformer un d\u00e9fi en opportunit\u00e9, c\u2019est le pari r\u00e9ussi du Programme d\u2019appui au d\u00e9veloppement des fili\u00e8res agricoles (<a href=\"https:\/\/www.facebook.com\/hashtag\/padfa?__eep__=6&amp;__cft__[0]=AZUNb5hWOkWG1375wgholRHT27_4DZH9OWficHvg1vJOOZ7JqohH7Z1OXIYPIifA5QBinDf4KyLDvG06gvkt8oAAI-YuFSJ_swm4G5v6TZL3WNgePVCzG1CMOletnfdppJgn_vJWSclN3LJ4C-9ImxcP&amp;__tn__=*NK-R\">#PADFA<\/a>) et du Fonds interprofessionnel pour la recherche et le conseil agricoles (<a href=\"https:\/\/www.facebook.com\/hashtag\/firca?__eep__=6&amp;__cft__[0]=AZUNb5hWOkWG1375wgholRHT27_4DZH9OWficHvg1vJOOZ7JqohH7Z1OXIYPIifA5QBinDf4KyLDvG06gvkt8oAAI-YuFSJ_swm4G5v6TZL3WNgePVCzG1CMOletnfdppJgn_vJWSclN3LJ4C-9ImxcP&amp;__tn__=*NK-R\">#firca<\/a>). Les deux structures ont organis\u00e9, le 26 septembre 2025 \u00e0 l\u2019h\u00f4tel de la Can de Korhogo, un atelier de restitution consacr\u00e9 \u00e0 la valorisation des d\u00e9chets de mangues en aliments pour animaux.<\/p>\n\n\n\n<p>Intitul\u00e9e \u00ab Restitution des activit\u00e9s de la convention ex\u00e9cut\u00e9e par le <a href=\"https:\/\/www.facebook.com\/hashtag\/firca?__eep__=6&amp;__cft__[0]=AZUNb5hWOkWG1375wgholRHT27_4DZH9OWficHvg1vJOOZ7JqohH7Z1OXIYPIifA5QBinDf4KyLDvG06gvkt8oAAI-YuFSJ_swm4G5v6TZL3WNgePVCzG1CMOletnfdppJgn_vJWSclN3LJ4C-9ImxcP&amp;__tn__=*NK-R\">#firca<\/a> sur la mise en place d\u2019unit\u00e9s de valorisation de d\u00e9chets de <a href=\"https:\/\/www.facebook.com\/hashtag\/mangues?__eep__=6&amp;__cft__[0]=AZUNb5hWOkWG1375wgholRHT27_4DZH9OWficHvg1vJOOZ7JqohH7Z1OXIYPIifA5QBinDf4KyLDvG06gvkt8oAAI-YuFSJ_swm4G5v6TZL3WNgePVCzG1CMOletnfdppJgn_vJWSclN3LJ4C-9ImxcP&amp;__tn__=*NK-R\">#mangues<\/a> \u00bb, la rencontre a r\u00e9uni producteurs, \u00e9leveurs, coop\u00e9ratives et repr\u00e9sentants institutionnels. Objectif : pr\u00e9senter les r\u00e9sultats obtenus dans les r\u00e9gions du Poro et de la Bagou\u00e9, et tracer les perspectives d\u2019une valorisation durable.<\/p>\n\n\n\n<p>Une r\u00e9ponse \u00e0 la double contrainte pertes agricoles \/ alimentation animale<\/p>\n\n\n\n<p>En C\u00f4te d\u2019Ivoire, pr\u00e8s de 30 % de la production nationale de mangues se perd chaque ann\u00e9e apr\u00e8s r\u00e9colte, faute de moyens de conservation et de d\u00e9bouch\u00e9s. Dans le m\u00eame temps, les \u00e9leveurs des zones de production font face \u00e0 une raret\u00e9 du p\u00e2turage en saison s\u00e8che et \u00e0 un co\u00fbt \u00e9lev\u00e9 des aliments pour b\u00e9tail.<\/p>\n\n\n\n<p>L\u2019initiative du PADFA et du FIRCA vient combiner ces deux probl\u00e9matiques en apportant une solution circulaire : transformer les d\u00e9chets de mangues en provendes pour animaux.<\/p>\n\n\n\n<p>Pour Ouya Adolphe, directeur du d\u00e9partement des cultures alimentaires et ressources animales au FIRCA, et Kiendrebogo Timbilfou, expert en zootechnie, ce projet \u00ab contribue \u00e0 r\u00e9duire les pertes post-r\u00e9colte, \u00e0 pr\u00e9server l\u2019environnement et \u00e0 am\u00e9liorer les revenus des communaut\u00e9s locales \u00bb.<\/p>\n\n\n\n<p>Des acteurs unanimes<\/p>\n\n\n\n<p>Autour de la table, les repr\u00e9sentants institutionnels et professionnels \u2013 Cl\u00e9ment Kouadio (PADFA), Dr Ouattara Issif (Direction r\u00e9gionale des ressources animales et halieutiques), Sib Djamala (MEMINADERPV), Salimou Coulibaly (Conseil r\u00e9gional du Poro), Mme Nioul\u00e9 Patricia (Direction r\u00e9gionale de l\u2019agriculture) et El Hadj Mamadou Coulibaly (Inter-Mangue) \u2013 ont salu\u00e9 l\u2019initiative. Tous ont soulign\u00e9 qu\u2019il s\u2019agit d\u2019\u00ab une contribution majeure au d\u00e9veloppement durable et \u00e0 la r\u00e9silience des exploitations agricoles et d\u2019\u00e9levage \u00bb.<\/p>\n\n\n\n<p>De l\u2019exp\u00e9rimentation au passage \u00e0 l\u2019\u00e9chelle<\/p>\n\n\n\n<p>Ce projet s\u2019inscrit dans une trajectoire d\u00e9j\u00e0 amorc\u00e9e. En 2015 et 2017, gr\u00e2ce \u00e0 l\u2019appui de la Banque mondiale, six unit\u00e9s pilotes de s\u00e9chage de mangues avaient \u00e9t\u00e9 install\u00e9es dans le nord du pays par le FIRCA. Puis, entre 2018 et 2022, le FIRCA, avec l\u2019appui de l\u2019Institut de l\u2019environnement et de recherche agricole (<a href=\"https:\/\/www.facebook.com\/hashtag\/inera?__eep__=6&amp;__cft__[0]=AZUNb5hWOkWG1375wgholRHT27_4DZH9OWficHvg1vJOOZ7JqohH7Z1OXIYPIifA5QBinDf4KyLDvG06gvkt8oAAI-YuFSJ_swm4G5v6TZL3WNgePVCzG1CMOletnfdppJgn_vJWSclN3LJ4C-9ImxcP&amp;__tn__=*NK-R\">#INERA<\/a>) du Burkina Faso, a conduit un premier projet pilote de valorisation des d\u00e9chets de mangue en aliments pour animaux sur le site de Tengrela (Bagou\u00e9). Les r\u00e9sultats encourageants ont suscit\u00e9 l\u2019int\u00e9r\u00eat des transformateurs et des \u00e9leveurs, s\u00e9duits par l\u2019opportunit\u00e9 \u00e9conomique et \u00e9cologique.<\/p>\n\n\n\n<p>Forte de cette exp\u00e9rience, l\u2019initiative a \u00e9t\u00e9 \u00e9largie par le PADFA : l\u2019unit\u00e9 de Tengrela a \u00e9t\u00e9 renforc\u00e9e et une nouvelle unit\u00e9 a vu le jour \u00e0 Sin\u00e9matiali (Poro), toujours avec l\u2019expertise du FIRCA.<\/p>\n\n\n\n<p>Un atout strat\u00e9gique pour la fili\u00e8re mangue<\/p>\n\n\n\n<p>La fili\u00e8re mangue est aujourd\u2019hui un moteur \u00e9conomique pour le Nord ivoirien. Elle fait vivre plus de 5 000 producteurs et g\u00e9n\u00e8re pr\u00e8s de 7 milliards de francs CFA de revenus par an. Avec plus de 35 000 tonnes export\u00e9es en 2024, la C\u00f4te d\u2019Ivoire s\u2019est impos\u00e9e comme premier exportateur africain et troisi\u00e8me fournisseur mondial de mangues fra\u00eeches sur le march\u00e9 europ\u00e9en, derri\u00e8re le Br\u00e9sil et le P\u00e9rou.<\/p>\n\n\n\n<p>En int\u00e9grant la valorisation des d\u00e9chets dans cette dynamique, la C\u00f4te d\u2019Ivoire ouvre une nouvelle voie o\u00f9 agriculture, \u00e9levage et environnement se compl\u00e8tent et se renforcent mutuellement. Une innovation porteuse d\u2019avenir, au b\u00e9n\u00e9fice des communaut\u00e9s rurales, en particulier des jeunes et des femmes, au c\u0153ur du d\u00e9veloppement local.<\/p>\n\n\n\n<figure class=\"wp-block-image size-large\"><img fetchpriority=\"high\" decoding=\"async\" width=\"1024\" height=\"576\" src=\"https:\/\/padfaci.org\/wp-content\/uploads\/2025\/10\/558657903_1137569805227758_6506195988977337665_n-1024x576.jpg\" alt=\"\" class=\"wp-image-2292\" srcset=\"https:\/\/padfaci.org\/wp-content\/uploads\/2025\/10\/558657903_1137569805227758_6506195988977337665_n-1024x576.jpg 1024w, https:\/\/padfaci.org\/wp-content\/uploads\/2025\/10\/558657903_1137569805227758_6506195988977337665_n-300x169.jpg 300w, https:\/\/padfaci.org\/wp-content\/uploads\/2025\/10\/558657903_1137569805227758_6506195988977337665_n-768x432.jpg 768w, https:\/\/padfaci.org\/wp-content\/uploads\/2025\/10\/558657903_1137569805227758_6506195988977337665_n-18x10.jpg 18w, https:\/\/padfaci.org\/wp-content\/uploads\/2025\/10\/558657903_1137569805227758_6506195988977337665_n.jpg 1280w\" sizes=\"(max-width: 1024px) 100vw, 1024px\" \/><\/figure>","protected":false},"excerpt":{"rendered":"<p>Korhogo, le 26 septembre 2025 Transformer un d\u00e9fi en opportunit\u00e9, c\u2019est le pari r\u00e9ussi du Programme d\u2019appui au d\u00e9veloppement des fili\u00e8res agricoles (#PADFA) et du Fonds interprofessionnel pour la recherche et le conseil agricoles (#firca). Les deux structures ont organis\u00e9, le 26 septembre 2025 \u00e0 l\u2019h\u00f4tel de la Can de Korhogo, un atelier de restitution&hellip; <a class=\"more-link\" href=\"https:\/\/padfaci.org\/en\/valorisation-des-dechets-de-mangue-une-innovation-au-service-de-lelevage-et-de-lenvironnement\/\">Continue reading <span class=\"screen-reader-text\">VALORISATION DES D\u00c9CHETS DE MANGUE : UNE INNOVATION AU SERVICE DE L\u2019\u00c9LEVAGE ET DE L\u2019ENVIRONNEMENT<\/span><\/a><\/p>","protected":false},"author":1,"featured_media":2292,"comment_status":"open","ping_status":"open","sticky":false,"template":"","format":"standard","meta":{"pgc_sgb_lightbox_settings":"","_jetpack_memberships_contains_paid_content":false,"footnotes":""},"categories":[1,33],"tags":[24,26,27,37,36,25,30],"class_list":["post-2291","post","type-post","status-publish","format-standard","has-post-thumbnail","hentry","category-actualites","category-agriculture","tag-fida","tag-ifad","tag-meminader","tag-minedd","tag-mirah","tag-ofid","tag-padfa","entry"],"aioseo_notices":[],"jetpack_featured_media_url":"https:\/\/padfaci.org\/wp-content\/uploads\/2025\/10\/558657903_1137569805227758_6506195988977337665_n.jpg","jetpack_sharing_enabled":true,"_links":{"self":[{"href":"https:\/\/padfaci.org\/en\/wp-json\/wp\/v2\/posts\/2291","targetHints":{"allow":["GET"]}}],"collection":[{"href":"https:\/\/padfaci.org\/en\/wp-json\/wp\/v2\/posts"}],"about":[{"href":"https:\/\/padfaci.org\/en\/wp-json\/wp\/v2\/types\/post"}],"author":[{"embeddable":true,"href":"https:\/\/padfaci.org\/en\/wp-json\/wp\/v2\/users\/1"}],"replies":[{"embeddable":true,"href":"https:\/\/padfaci.org\/en\/wp-json\/wp\/v2\/comments?post=2291"}],"version-history":[{"count":1,"href":"https:\/\/padfaci.org\/en\/wp-json\/wp\/v2\/posts\/2291\/revisions"}],"predecessor-version":[{"id":2293,"href":"https:\/\/padfaci.org\/en\/wp-json\/wp\/v2\/posts\/2291\/revisions\/2293"}],"wp:featuredmedia":[{"embeddable":true,"href":"https:\/\/padfaci.org\/en\/wp-json\/wp\/v2\/media\/2292"}],"wp:attachment":[{"href":"https:\/\/padfaci.org\/en\/wp-json\/wp\/v2\/media?parent=2291"}],"wp:term":[{"taxonomy":"category","embeddable":true,"href":"https:\/\/padfaci.org\/en\/wp-json\/wp\/v2\/categories?post=2291"},{"taxonomy":"post_tag","embeddable":true,"href":"https:\/\/padfaci.org\/en\/wp-json\/wp\/v2\/tags?post=2291"}],"curies":[{"name":"wp","href":"https:\/\/api.w.org\/{rel}","templated":true}]}}