{"id":1525,"date":"2023-08-14T14:00:28","date_gmt":"2023-08-14T14:00:28","guid":{"rendered":"https:\/\/padfaci.org\/?p=1525"},"modified":"2023-08-14T14:00:28","modified_gmt":"2023-08-14T14:00:28","slug":"le-padfa-lance-un-vaste-projet-de-reboisement-communautaire-a-zangokro","status":"publish","type":"post","link":"https:\/\/padfaci.org\/en\/le-padfa-lance-un-vaste-projet-de-reboisement-communautaire-a-zangokro\/","title":{"rendered":"Le PADFA lance un vaste projet de reboisement communautaire \u00e0 Zangokro"},"content":{"rendered":"<p>Le programme d&rsquo;Appui au D\u00e9veloppement des Fili\u00e8res Agricoles (PADFA) et ses partenaires que sont le Foncier -Foresterie et le MINEF ont invit\u00e9 les populations de Zangokro dans le d\u00e9partement de B\u00e9oumi le jeudi 27 juillet 2023 \u00e0 une journ\u00e9e d\u00e9di\u00e9e \u00e0 l&rsquo;environnement.<\/p>\n\n\n\n<p>Cette invitation s\u2019inscrit dans la droite ligne de la mission PADFA qui vise \u00e0 contribuer \u00e0 la r\u00e9duction de la d\u00e9forestation dans la cha\u00eene d&rsquo;approvisionnement des produits agricoles; de lutter contre le r\u00e9chauffement climatique et de favoriser le renforcement de la r\u00e9silience des communaut\u00e9s rurales.&nbsp;<\/p>\n\n\n\n<p>\u00c0 cette occasion, un projet de reboisement communautaire et d&rsquo;agroforesterie au profit des communaut\u00e9s issues de ses zones d&rsquo;interventions a \u00e9t\u00e9 initi\u00e9.&nbsp;<\/p>\n\n\n\n<p>Dans le cadre de la mise en \u0153uvre de ces activit\u00e9s,&nbsp;&nbsp;confi\u00e9e \u00e0 la soci\u00e9t\u00e9 professionnelle Foncier &#8211; Foresterie et Agriculture (FOA) en collaboration avec les services comp\u00e9tents du minist\u00e8re des Eaux et For\u00eats, pour la partie technique- le PADFA encourage un d\u00e9veloppement rural judicieux sous l&rsquo;angle de la lutte contre les changements climatiques et la mise en place des syst\u00e8mes de production agro\u00e9cologiques durables.<\/p>\n\n\n\n<p>Selon le coordonnateur du projet PADFA, Messou Edja , \u00ab le projet vise \u00e0 couvrir 100 hectares sous forme de la reforestation et de 50 de parcelles sous forme d&rsquo;agroforesterie dans cette zone touch\u00e9e dans notre zone de comp\u00e9tence \u00bb, qui s\u2019\u00e9tend sur les r\u00e9gions du Poro, du Gb\u00eak\u00ea, du Tchologo, du Hambol et de la Bagou\u00e9.<\/p>\n\n\n\n<p>Cette journ\u00e9e a \u00e9t\u00e9 une occasion de prise de conscience pour les populations qui ont, du reste, \u00e9t\u00e9 invit\u00e9es \u00e0 r\u00e9aliser les catastrophes naturelles et autres dangers qui guettent la plan\u00e8te en g\u00e9n\u00e9ral et leur environnement de fa\u00e7on particuli\u00e8re. Pour ainsi, joindre l\u2019acte \u00e0la parole, elles ont \u00e9t\u00e9 invit\u00e9es \u00e0 cette occasion, par le premier responsable du projet PADFA. \u00ab<em>&nbsp;<\/em>\u00c0 planter un arbre&nbsp;\u00bb.&nbsp;<\/p>\n\n\n\n<p>\u00c0 sa suite est intervenu, le<strong>&nbsp;<\/strong>Colonel Lucien Kouassi, directeur g\u00e9n\u00e9ral des for\u00eats et de la faune, en qualit\u00e9 de repr\u00e9sentant du ministre des eaux et for\u00eats pour indiquer que : \u00ab l&rsquo;\u00c9tat de C\u00f4te d\u2019Ivoire envisage atteindre 20 % du couvert forestier d&rsquo;ici 2030. Ce qui \u00e9quivaut \u00e0 une superficie de trente millions d&rsquo;hectares de for\u00eats.<\/p>\n\n\n\n<p>Et C\u2019est, depuis 2018 que le projet a \u00e9t\u00e9 lanc\u00e9. Nous sommes en train de joindre l&rsquo;acte \u00e0 la parole. Pendant que nous sensibilisons, nous faisons de planting d&rsquo;arbres de plusieurs esp\u00e8ces \u00bb.&nbsp;<\/p>\n\n\n\n<p>La r\u00e9alisation des activit\u00e9s techniques du projet a \u00e9t\u00e9 confi\u00e9e \u00e0 la soci\u00e9t\u00e9 professionnelle Foncier &#8211; Foresterie et Agriculture (FOA) en collaboration avec les services comp\u00e9tents du minist\u00e8re des Eaux et For\u00eats.&nbsp;<\/p>","protected":false},"excerpt":{"rendered":"<p>Le programme d&rsquo;Appui au D\u00e9veloppement des Fili\u00e8res Agricoles (PADFA) et ses partenaires que sont le Foncier -Foresterie et le MINEF ont invit\u00e9 les populations de Zangokro dans le d\u00e9partement de B\u00e9oumi le jeudi 27 juillet 2023 \u00e0 une journ\u00e9e d\u00e9di\u00e9e \u00e0 l&rsquo;environnement. Cette invitation s\u2019inscrit dans la droite ligne de la mission PADFA qui vise&hellip; <a class=\"more-link\" href=\"https:\/\/padfaci.org\/en\/le-padfa-lance-un-vaste-projet-de-reboisement-communautaire-a-zangokro\/\">Continue reading <span class=\"screen-reader-text\">Le PADFA lance un vaste projet de reboisement communautaire \u00e0 Zangokro<\/span><\/a><\/p>","protected":false},"author":4,"featured_media":1526,"comment_status":"open","ping_status":"open","sticky":false,"template":"","format":"standard","meta":{"pgc_sgb_lightbox_settings":"","_jetpack_memberships_contains_paid_content":false,"footnotes":""},"categories":[1],"tags":[],"class_list":["post-1525","post","type-post","status-publish","format-standard","has-post-thumbnail","hentry","category-actualites","entry"],"aioseo_notices":[],"jetpack_featured_media_url":"https:\/\/padfaci.org\/wp-content\/uploads\/2023\/08\/Photo-Lancement-projet-du-PADFA.jpg","jetpack_sharing_enabled":true,"_links":{"self":[{"href":"https:\/\/padfaci.org\/en\/wp-json\/wp\/v2\/posts\/1525","targetHints":{"allow":["GET"]}}],"collection":[{"href":"https:\/\/padfaci.org\/en\/wp-json\/wp\/v2\/posts"}],"about":[{"href":"https:\/\/padfaci.org\/en\/wp-json\/wp\/v2\/types\/post"}],"author":[{"embeddable":true,"href":"https:\/\/padfaci.org\/en\/wp-json\/wp\/v2\/users\/4"}],"replies":[{"embeddable":true,"href":"https:\/\/padfaci.org\/en\/wp-json\/wp\/v2\/comments?post=1525"}],"version-history":[{"count":1,"href":"https:\/\/padfaci.org\/en\/wp-json\/wp\/v2\/posts\/1525\/revisions"}],"predecessor-version":[{"id":1527,"href":"https:\/\/padfaci.org\/en\/wp-json\/wp\/v2\/posts\/1525\/revisions\/1527"}],"wp:featuredmedia":[{"embeddable":true,"href":"https:\/\/padfaci.org\/en\/wp-json\/wp\/v2\/media\/1526"}],"wp:attachment":[{"href":"https:\/\/padfaci.org\/en\/wp-json\/wp\/v2\/media?parent=1525"}],"wp:term":[{"taxonomy":"category","embeddable":true,"href":"https:\/\/padfaci.org\/en\/wp-json\/wp\/v2\/categories?post=1525"},{"taxonomy":"post_tag","embeddable":true,"href":"https:\/\/padfaci.org\/en\/wp-json\/wp\/v2\/tags?post=1525"}],"curies":[{"name":"wp","href":"https:\/\/api.w.org\/{rel}","templated":true}]}}